{"id":756,"date":"2023-05-08T08:59:13","date_gmt":"2023-05-08T08:59:13","guid":{"rendered":"https:\/\/sodelo.fsd.uni-lj.si\/main\/?p=756"},"modified":"2023-11-13T12:34:32","modified_gmt":"2023-11-13T12:34:32","slug":"kazalo","status":"publish","type":"post","link":"https:\/\/sodelo.fsd.uni-lj.si\/main\/2023\/05\/08\/kazalo\/","title":{"rendered":""},"content":{"rendered":"\n<hr class=\"wp-block-separator has-alpha-channel-opacity\"\/>\n\n\n\n<h2 class=\"wp-block-heading\">KAZALO<\/h2>\n\n\n\n<p><a href=\"https:\/\/sodelo.fsd.uni-lj.si\/main\/2023\/11\/13\/aporije-zgodovine-hendikepa\/\">Aporije zgodovine hendikepa<\/a>, <strong>Du\u0161an Rutar,<\/strong> 13. 11. 2023<\/p>\n\n\n\n<p><a href=\"https:\/\/sodelo.fsd.uni-lj.si\/main\/2023\/05\/03\/spominjanje-neve-zeleznik-novinarke-in-urednice-socialnih-tematik-v-reviji-nasa-zena-1979-2020\/\">Spominjanje Neve \u017deleznik, novinarke in urednice socialnih tematik v reviji Na\u0161a \u017eena (1979 \u2013 2020)<\/a>, <strong>Neva \u017deleznik<\/strong>, 7. 4. 2023<\/p>\n\n\n\n<p><a href=\"https:\/\/sodelo.fsd.uni-lj.si\/main\/2023\/04\/03\/bernard-stritih-v-viru-nasega-socialnega-dela\/\">Bernard Stritih \u2013 v viru na\u0161ega socialnega dela<\/a>, <strong>Vito Flaker<\/strong>, 3. 4. 2023<\/p>\n\n\n\n<p><a href=\"https:\/\/sodelo.fsd.uni-lj.si\/main\/2022\/03\/21\/ob-8-marcu-mednarodnem-dnevu-zensk\/\">Ob 8. marcu-mednarodnem dnevu \u017eensk<\/a>, <strong>Pavla Rapo\u0161a Tajn\u0161ek<\/strong>&nbsp;(upokojena predavateljica socialnega dela, pou\u010devala na V\u0160SD in FSD&nbsp; med 1972 in 2007), 8. marec 2022<\/p>\n\n\n\n<p><a href=\"https:\/\/sodelo.fsd.uni-lj.si\/main\/2021\/12\/31\/angela-vode-upornica-z-razlogom\/\">Angela Vode \u2013 upornica z razlogom<\/a>, <strong>Mateja Jeraj<\/strong>, 31. 12. 2021<\/p>\n\n\n\n<p><a href=\"https:\/\/sodelo.fsd.uni-lj.si\/main\/2021\/12\/30\/otroci-ki-jih-zapiramo-in-30-obletnica-izbrisa\/\">\u00bbOtroci, ki jih zapiramo\u00ab in 30. obletnica izbrisa<\/a>, <strong>Jelka Zorn<\/strong>, 31. 12. 2021<\/p>\n\n\n\n<p><a href=\"https:\/\/sodelo.fsd.uni-lj.si\/main\/2021\/12\/14\/razvoj-socialnega-varstva-v-sloveniji-postopno-oblikovanje-socialnih-sluzb-po-2-svetovni-vojni-in-vizija-nike-arko\/\">Razvoj socialnega varstva v Sloveniji: postopno oblikovanje socialnih slu\u017eb po 2. svetovni vojni in vizija Nike Arko<\/a>, <strong>Sara Pistotnik<\/strong>, 14. 12. 2021<\/p>\n\n\n\n<p><a href=\"https:\/\/sodelo.fsd.uni-lj.si\/main\/2021\/11\/01\/ce-bi-bila-tita-tito\/\">\u010ce bi bila Tita Tito \u2026<\/a>, <strong>Tanja Buda<\/strong>, 1. 11. 2021<\/p>\n\n\n\n<p><\/p>\n","protected":false},"excerpt":{"rendered":"<p>KAZALO Aporije zgodovine hendikepa, Du\u0161an Rutar, 13. 11. 2023 Spominjanje Neve \u017deleznik, novinarke in urednice socialnih tematik v reviji Na\u0161a \u017eena (1979 \u2013 2020), Neva \u017deleznik, 7. 4. 2023 Bernard Stritih \u2013 v viru na\u0161ega socialnega dela, Vito Flaker, 3. 4. 2023 Ob 8. marcu-mednarodnem dnevu \u017eensk, Pavla Rapo\u0161a Tajn\u0161ek&nbsp;(upokojena predavateljica socialnega dela, pou\u010devala na &hellip; <a href=\"https:\/\/sodelo.fsd.uni-lj.si\/main\/2023\/05\/08\/kazalo\/\" class=\"more-link\">Continue reading <span class=\"screen-reader-text\"><\/span><\/a><\/p>\n","protected":false},"author":1,"featured_media":0,"comment_status":"open","ping_status":"open","sticky":true,"template":"","format":"standard","meta":{"footnotes":""},"categories":[1],"tags":[],"class_list":["post-756","post","type-post","status-publish","format-standard","hentry","category-uncategorized"],"_links":{"self":[{"href":"https:\/\/sodelo.fsd.uni-lj.si\/main\/wp-json\/wp\/v2\/posts\/756","targetHints":{"allow":["GET"]}}],"collection":[{"href":"https:\/\/sodelo.fsd.uni-lj.si\/main\/wp-json\/wp\/v2\/posts"}],"about":[{"href":"https:\/\/sodelo.fsd.uni-lj.si\/main\/wp-json\/wp\/v2\/types\/post"}],"author":[{"embeddable":true,"href":"https:\/\/sodelo.fsd.uni-lj.si\/main\/wp-json\/wp\/v2\/users\/1"}],"replies":[{"embeddable":true,"href":"https:\/\/sodelo.fsd.uni-lj.si\/main\/wp-json\/wp\/v2\/comments?post=756"}],"version-history":[{"count":8,"href":"https:\/\/sodelo.fsd.uni-lj.si\/main\/wp-json\/wp\/v2\/posts\/756\/revisions"}],"predecessor-version":[{"id":781,"href":"https:\/\/sodelo.fsd.uni-lj.si\/main\/wp-json\/wp\/v2\/posts\/756\/revisions\/781"}],"wp:attachment":[{"href":"https:\/\/sodelo.fsd.uni-lj.si\/main\/wp-json\/wp\/v2\/media?parent=756"}],"wp:term":[{"taxonomy":"category","embeddable":true,"href":"https:\/\/sodelo.fsd.uni-lj.si\/main\/wp-json\/wp\/v2\/categories?post=756"},{"taxonomy":"post_tag","embeddable":true,"href":"https:\/\/sodelo.fsd.uni-lj.si\/main\/wp-json\/wp\/v2\/tags?post=756"}],"curies":[{"name":"wp","href":"https:\/\/api.w.org\/{rel}","templated":true}]}}